{"id":562,"date":"2022-10-10T08:02:00","date_gmt":"2022-10-10T08:02:00","guid":{"rendered":"https:\/\/www.noc-nietoperzy.pl\/?p=562"},"modified":"2024-06-24T08:04:31","modified_gmt":"2024-06-24T08:04:31","slug":"karpacka-noc-nietoperzy-pazdziernik-2022","status":"publish","type":"post","link":"https:\/\/www.noc-nietoperzy.pl\/?p=562","title":{"rendered":"Karpacka Noc Nietoperzy pa\u017adziernik 2022"},"content":{"rendered":"\n<p>7 pa\u017adziernika 2022 roku w Czarnorzekach na terenie Gminy Korczyna odby\u0142a si\u0119 kolejna, XIX Karpacka Noc Nietoperzy.&nbsp;<\/p>\n\n\n\n<p>Impreza organizowana jest corocznie w ramach Mi\u0119dzynarodowej Nocy Nietoperzy i ma na celu, mi\u0119dzy innymi kszta\u0142towanie pozytywnego stosunku ludzi do nietoperzy. Tradycja ochrony nietoperzy w Polsce si\u0119ga XIX wieku, jednak\u017ce dopiero w ostatnich latach obserwuje si\u0119 wzrost zainteresowania t\u0105 grup\u0105 ssak\u00f3w i problemami ich ochrony. Ochron\u0105 prawn\u0105 obj\u0119te s\u0105 wszystkie wyst\u0119puj\u0105ce w Polsce gatunki. Polska nale\u017cy r\u00f3wnie\u017c do Europejskiego Porozumienia o Ochronie Nietoperzy. Ssaki te s\u0105 niezwykle po\u017cyteczne, zjadaj\u0105 mas\u0119 szkodliwych owad\u00f3w, w tym niezwykle dokuczliwe komary, nietoperzy nie nale\u017cy si\u0119 ba\u0107!<\/p>\n\n\n\n<p>\u201ePodkarpacka Noc Nietoperzy\u201d zorganizowana zosta\u0142a przez Spo\u0142eczny Komitet Organizacyjny sk\u0142adaj\u0105cy si\u0119 z przedstawicieli Stowarzyszenia Wsp\u00f3\u0142pracy Polska \u2013 Wsch\u00f3d, Gminy Korczyna i Gminnego O\u015brodka Kultury w Korczynie, Polskiej Akademii Nauk, Las\u00f3w Pa\u0144stwowych, oraz Zespo\u0142u Karpackich Park\u00f3w Krajobrazowych w Kro\u015bnie.<\/p>\n\n\n\n<p>XIX Karpack\u0105 Noc Nietoperzy rozpocz\u0119\u0142a konferencja popularno \u2013 naukowa pod tytu\u0142em&nbsp;\u201e<strong>Karpackie Nietoperze \u2013 Carpathian Bats<\/strong>\u201d. Konferencj\u0119 rozpocz\u0105\u0142 Prezes Podkarpackiego oddzia\u0142u SWP-W Gabriel Zajdel w konferencji udzia\u0142 wzi\u0119li r\u00f3wnie\u017c W\u00f3jt Gminy Korczyna Jan Zych oraz Dyrektor GOK Korczyna Wojciech Tomkiewicz.&nbsp;<\/p>\n\n\n\n<p>Podczas konferencji naukowej referaty wyg\u0142osili:&nbsp;<\/p>\n\n\n\n<ul class=\"wp-block-list\">\n<li>Prof. dr hab. Bronis\u0142aw W. Wo\u0142oszyn\u00a0\u2013 Centrum Informacji Chiropterologicznej, Instytut Systematyki i Ewolucji Zwierz\u0105t PAN w Krakowie,\u00a0\u00a0<\/li>\n\n\n\n<li>dr Grzegorz K\u0142ys,\u00a0dr Joanna Makuchowska \u2013 Fryc Uniwersytet Opolski, Instytut Biologii,\u00a0<\/li>\n\n\n\n<li>dr Eduardo Vernier Uniwersytet w Padwie\u00a0<\/li>\n\n\n\n<li>Piotr Firlej \u2013 Pro-Natura<\/li>\n<\/ul>\n\n\n\n<p>Tematy referat\u00f3w:<\/p>\n\n\n\n<ul class=\"wp-block-list\">\n<li><strong>\u201eEcological aspects\u00a0of\u00a0bat hibernacula protection: caves and cave like shelters\u201d<\/strong>\u00a0Bronis\u0142aw Wojciech Wo\u0142oszyn, Dumitru Murariu (Rumunia) ( t\u0142umaczenie Gabriel Zajdel)<\/li>\n\n\n\n<li><strong>\u201eBat fauna in the city of\u00a0Padova\u201d<\/strong>\u00a0Eduardo\u00a0Vernier<\/li>\n\n\n\n<li><strong>\u201eOchrona bior\u00f3\u017cnorodno\u015bci czyli nowa arka Noego\u201d\u00a0<\/strong>Bronis\u0142aw Wojciech Wo\u0142oszyn<\/li>\n\n\n\n<li>\u201e<strong>Nietoperze Babiej G\u00f3ry\u201d<\/strong>\u00a0K\u0142ys G., Wo\u0142oszyn B.W.,\u00a0\u00a0Makuchowska-Fryc J.\u00a0<\/li>\n\n\n\n<li><strong>\u201eKraina Podkowca, miejsce przyjazne nietoperzom\u201d<\/strong>,\u00a0Piotr Firlej PTPP \u201epro Natura<\/li>\n<\/ul>\n\n\n\n<p>Prelekcje dla uczni\u00f3w szk\u00f3\u0142 podstawowych, uczestnik\u00f3w konkursu plastycznego poprowadzili dr Grzegorz K\u0142ys z Uniwersytetu Opolskiego i Piotr Firlej z Polskiego Towarzystwa Przyjaci\u00f3\u0142 Przyrody we Wroc\u0142awiu. Po ich zako\u0144czeniu nast\u0105pi\u0142o wr\u0119czenie nagr\u00f3d i wyr\u00f3\u017cnie\u0144.&nbsp;Po zako\u0144czeniu cz\u0119\u015bci oficjalnej zosta\u0142y og\u0142oszone wyniki konkursu plastycznego pt. \u201eKarpackie Nietoperze\u201d. Nagrody w konkursie ufundowane zosta\u0142y przez Stowarzyszenie Wsp\u00f3\u0142pracy Polska Wsch\u00f3d, Gminny O\u015brodek Kultury w Korczynie, oraz przez Nadle\u015bnictwo Ko\u0142aczyce, Zesp\u00f3\u0142 Karpackich Park\u00f3w Krajobrazowych w Kro\u015bnie, WFO\u015aiGW. W uroczysto\u015bci rozdania nagr\u00f3d udzia\u0142 wzi\u0119\u0142a r\u00f3wnie\u017c Katarzyna Urbanek Zast\u0119pca W\u00f3jta Gminy Korczyna, kt\u00f3ra podzi\u0119kowa\u0142a uczestnikom za zaanga\u017cowanie i ogrom pracy w\u0142o\u017conej w przygotowanie prac konkursowych. Nagrody i wyr\u00f3\u017cnienia wr\u0119czali: Katarzyna Urbanek, zast\u0119pca w\u00f3jta gminy Korczyna, Gabriel Zajdel, prof. Bronis\u0142aw Wo\u0142oszyn, Justyna Kostycz z Zespo\u0142u Karpackich Park\u00f3w Krajobrazowych w Kro\u015bnie, oraz le\u015bniczy Le\u015bnictwa Czarnorzeki Piotr Ok\u00f3lski a ca\u0142o\u015b\u0107 prowadzi\u0142 Wojciech Tomkiewicz \u2013 Dyrektor GOK w Korczynie.&nbsp;<\/p>\n\n\n\n<p>Do konkursu wp\u0142yn\u0119\u0142o 221 prac wykonanych r\u00f3\u017cnymi technikami plastycznymi. Komisja kieruj\u0105c si\u0119 zasadami uj\u0119tymi w regulaminie maj\u0105c na uwadze przede wszystkim samodzielno\u015b\u0107 wykonanych prac przyzna\u0142a nagrody w III kategoriach wiekowych: I-III, IV \u2013 VI oraz VII \u2013 VIII. Dodatkowo Komisja zdecydowa\u0142a o zmianie regulaminu i wprowadzeniu kolejnej kategorii jak\u0105 jest \u201dforma przestrzenna\u201d. Z uwagi na ilo\u015b\u0107 i jako\u015b\u0107 prac w tej kategorii wyr\u00f3\u017cniono i nagrodzono najlepsze w uznaniu komisji prace.<\/p>\n\n\n\n<p>Kategoria wiekowa kl. I \u2013 kl. III<\/p>\n\n\n\n<p>1. Nagroda g\u0142\u00f3wna:&nbsp;<strong>Marcelina Such<\/strong>, SP. Lubat\u00f3wka,<\/p>\n\n\n\n<p>2. Nagroda:&nbsp;<strong>Weronika Pernal,<\/strong>&nbsp;SP. Lubatowa<\/p>\n\n\n\n<p>3. Nagroda specjalna od Prezesa Oddzia\u0142u Podkarpackiego Stowarzyszenia Polska-Wsch\u00f3d Gabriela Zajdla dla&nbsp;<strong>Natalii \u0179rebiec<\/strong>, SP. Korczyna.<\/p>\n\n\n\n<p>Wyr\u00f3\u017cnienia:<\/p>\n\n\n\n<p><strong>Natalia Hawaj<\/strong>, SP. 15 w Kro\u015bnie<\/p>\n\n\n\n<p><strong>Micha\u0142 Borsuk<\/strong>, SP. W\u0119gl\u00f3wka<\/p>\n\n\n\n<p><strong>Antonina W\u0119grzyn<\/strong>, SP. Iwonicz<\/p>\n\n\n\n<p><strong>Aleksander Jas\u0142owski<\/strong>, SP. Kombornia<\/p>\n\n\n\n<p>Kategoria wiekowa \u2013 kl. IV \u2013 VI<\/p>\n\n\n\n<p>Nagroda g\u0142\u00f3wna:&nbsp;<strong>Filip Szajna<\/strong>, SP. Iwonicz<\/p>\n\n\n\n<p>2 nagroda:&nbsp;<strong>Zuzanna Folcik<\/strong>, SP. 14 w Kro\u015bnie<\/p>\n\n\n\n<p>3 nagroda:&nbsp;<strong>\u0141ukasz Wawro,<\/strong>&nbsp;SP. Iwonicz<\/p>\n\n\n\n<p>Wyr\u00f3\u017cnienia:<\/p>\n\n\n\n<p>Wyr\u00f3\u017cnienie specjalne od Prezesa Krajowego Stowarzyszenia Polska-Wsch\u00f3d dla&nbsp;<strong>Jakuba Rudego<\/strong>, SP. 4 w Kro\u015bnie.<\/p>\n\n\n\n<p><strong>Julia Krauz<\/strong>, SP. Kombornia<\/p>\n\n\n\n<p><strong>Julia Kubacka<\/strong>, SP. Korczyna<\/p>\n\n\n\n<p><strong>Kamila Dudzik,<\/strong>&nbsp;SP. \u0141\u0119ki Dukielskie<\/p>\n\n\n\n<p>Kategoria wiekowa \u2013 kl. VII \u2013 VIII<\/p>\n\n\n\n<p>Nagroda g\u0142\u00f3wna:&nbsp;<strong>Adrian Kopa<\/strong>, SP. \u0141\u0119ki Dukielskie<\/p>\n\n\n\n<p>2 nagroda:&nbsp;<strong>Julia \u0141uksa<\/strong>, SP. Krasna<\/p>\n\n\n\n<p>3 nagroda:&nbsp;<strong>Julia Kijowska<\/strong>, SP. 15 w Kro\u015bnie<\/p>\n\n\n\n<p>Formy przestrzenne :<\/p>\n\n\n\n<p>Nagroda g\u0142\u00f3wna dla&nbsp;<strong>Jana Filipowicza<\/strong>&nbsp;z Katolickiej Szko\u0142y Podstawowej w Kro\u015bnie od Dyrektora Gminnego O\u015brodka Kultury w Korczynie<\/p>\n\n\n\n<p>2 nagroda:&nbsp;<strong>Aleksander Niemaszyk,<\/strong>&nbsp;SP. Kombornia<\/p>\n\n\n\n<p>3 nagroda:&nbsp;<strong>Oliwia Gorczyca<\/strong>, SP. Krasna<\/p>\n\n\n\n<p>Nagroda specjalna dla&nbsp;<strong>Tomasza Michalskiego<\/strong>&nbsp;z Specjalnego O\u015brodka Szkolno-Wychowawczego w Kro\u015bnie przyznana przez Parki Krajobrazowe.<\/p>\n\n\n\n<p>Wyr\u00f3\u017cnienia:<\/p>\n\n\n\n<p><strong>Maria Rudy<\/strong>, SP. W\u0119gl\u00f3wka<\/p>\n\n\n\n<p><strong>Zuzanna Kukuli\u0144ska<\/strong>, SP. Korczyna<\/p>\n\n\n\n<p><strong>Jagoda Wojnar<\/strong>, SP. Hacz\u00f3w<\/p>\n\n\n\n<p><strong>Lena Surmacz<\/strong>, SP. Kombornia<\/p>\n\n\n\n<p>Komisja konkursowa jest pod olbrzymim wra\u017ceniem zar\u00f3wno ilo\u015bci nades\u0142anych prac jak i poziomu artystycznego tegorocznej edycji konkursu.&nbsp;Bardzo serdecznie gratulujemy wszystkim nagrodzonym i wyr\u00f3\u017cnionym.<\/p>\n\n\n\n<p>Noc nietoperzy zwie\u0144czy\u0142a piesza w\u0119dr\u00f3wka edukacyjna, kt\u00f3rej przewodniczy\u0142a Aleksandra Prugar, instruktorka w Gminnym O\u015brodku Kultury w Korczynie. Odwiedzili\u015bmy zapomniany cmentarz grekokatolicki, cerkwisko oraz sztolni\u0119 w Czarnorzekach, do kt\u00f3rej weszli\u015bmy w poszukiwaniu nietoperzy. Po wycieczce odby\u0142o si\u0119 integracyjne ognisko u Pa\u0144stwa Czaj\u00f3w, na kt\u00f3rym uczestnicy spotkania mogli porozmawia\u0107 z naukowcami oraz wymieni\u0107 si\u0119 wra\u017ceniami z tego ca\u0142odziennego wydarzenia.<\/p>\n\n\n\n<p>Zapraszamy Pa\u0144stwa na kolejn\u0105 jubileuszow\u0105 XX Noc Nietoperzy w przysz\u0142ym roku.<\/p>\n\n\n\n<figure class=\"wp-block-image size-large is-style-default\"><img loading=\"lazy\" decoding=\"async\" width=\"1024\" height=\"768\" src=\"https:\/\/www.noc-nietoperzy.pl\/wp-content\/uploads\/2024\/06\/zbiorowka-przed-scaled-1-1024x768.jpg\" alt=\"\" class=\"wp-image-563\" srcset=\"https:\/\/www.noc-nietoperzy.pl\/wp-content\/uploads\/2024\/06\/zbiorowka-przed-scaled-1-1024x768.jpg 1024w, https:\/\/www.noc-nietoperzy.pl\/wp-content\/uploads\/2024\/06\/zbiorowka-przed-scaled-1-300x225.jpg 300w, https:\/\/www.noc-nietoperzy.pl\/wp-content\/uploads\/2024\/06\/zbiorowka-przed-scaled-1-768x576.jpg 768w, https:\/\/www.noc-nietoperzy.pl\/wp-content\/uploads\/2024\/06\/zbiorowka-przed-scaled-1-1536x1152.jpg 1536w, https:\/\/www.noc-nietoperzy.pl\/wp-content\/uploads\/2024\/06\/zbiorowka-przed-scaled-1-2048x1536.jpg 2048w\" sizes=\"auto, (max-width: 1024px) 100vw, 1024px\" \/><\/figure>\n","protected":false},"excerpt":{"rendered":"<p>7 pa\u017adziernika 2022 roku w Czarnorzekach na terenie Gminy Korczyna odby\u0142a si\u0119 kolejna, XIX Karpacka Noc Nietoperzy.&nbsp; Impreza organizowana jest corocznie w ramach Mi\u0119dzynarodowej Nocy Nietoperzy i ma na celu, mi\u0119dzy innymi kszta\u0142towanie pozytywnego stosunku ludzi do nietoperzy. Tradycja ochrony nietoperzy w Polsce si\u0119ga XIX wieku, jednak\u017ce dopiero w ostatnich latach obserwuje si\u0119 wzrost zainteresowania&hellip;&nbsp;<a href=\"https:\/\/www.noc-nietoperzy.pl\/?p=562\" rel=\"bookmark\">Dowiedz si\u0119 wi\u0119cej &raquo;<span class=\"screen-reader-text\">Karpacka Noc Nietoperzy pa\u017adziernik 2022<\/span><\/a><\/p>\n","protected":false},"author":1,"featured_media":566,"comment_status":"open","ping_status":"open","sticky":false,"template":"","format":"standard","meta":{"neve_meta_sidebar":"","neve_meta_container":"","neve_meta_enable_content_width":"","neve_meta_content_width":0,"neve_meta_title_alignment":"","neve_meta_author_avatar":"","neve_post_elements_order":"","neve_meta_disable_header":"","neve_meta_disable_footer":"","neve_meta_disable_title":"","footnotes":""},"categories":[1],"tags":[],"class_list":["post-562","post","type-post","status-publish","format-standard","has-post-thumbnail","hentry","category-uncategorized"],"_links":{"self":[{"href":"https:\/\/www.noc-nietoperzy.pl\/index.php?rest_route=\/wp\/v2\/posts\/562","targetHints":{"allow":["GET"]}}],"collection":[{"href":"https:\/\/www.noc-nietoperzy.pl\/index.php?rest_route=\/wp\/v2\/posts"}],"about":[{"href":"https:\/\/www.noc-nietoperzy.pl\/index.php?rest_route=\/wp\/v2\/types\/post"}],"author":[{"embeddable":true,"href":"https:\/\/www.noc-nietoperzy.pl\/index.php?rest_route=\/wp\/v2\/users\/1"}],"replies":[{"embeddable":true,"href":"https:\/\/www.noc-nietoperzy.pl\/index.php?rest_route=%2Fwp%2Fv2%2Fcomments&post=562"}],"version-history":[{"count":1,"href":"https:\/\/www.noc-nietoperzy.pl\/index.php?rest_route=\/wp\/v2\/posts\/562\/revisions"}],"predecessor-version":[{"id":569,"href":"https:\/\/www.noc-nietoperzy.pl\/index.php?rest_route=\/wp\/v2\/posts\/562\/revisions\/569"}],"wp:featuredmedia":[{"embeddable":true,"href":"https:\/\/www.noc-nietoperzy.pl\/index.php?rest_route=\/wp\/v2\/media\/566"}],"wp:attachment":[{"href":"https:\/\/www.noc-nietoperzy.pl\/index.php?rest_route=%2Fwp%2Fv2%2Fmedia&parent=562"}],"wp:term":[{"taxonomy":"category","embeddable":true,"href":"https:\/\/www.noc-nietoperzy.pl\/index.php?rest_route=%2Fwp%2Fv2%2Fcategories&post=562"},{"taxonomy":"post_tag","embeddable":true,"href":"https:\/\/www.noc-nietoperzy.pl\/index.php?rest_route=%2Fwp%2Fv2%2Ftags&post=562"}],"curies":[{"name":"wp","href":"https:\/\/api.w.org\/{rel}","templated":true}]}}